[{"@context":"https:\/\/schema.org\/","@type":"Article","@id":"https:\/\/www.zh4a.sk\/den-bez-elektroniky\/#Article","mainEntityOfPage":"https:\/\/www.zh4a.sk\/den-bez-elektroniky\/","headline":"De\u0148 bez elektroniky","name":"De\u0148 bez elektroniky","description":"Pou\u017e\u00edvame ju ka\u017ed\u00fd de\u0148 a mo\u017eno si ani len neuvedomujeme ako ve\u013emi sme na nej z\u00e1visl\u00ed. Doba elektronick\u00fdch v\u00fdrobkov n\u00e1s \u00faplne pohltila. Pravidelne pou\u017e\u00edvame&#46;&#46;&#46;","datePublished":"2018-09-25","dateModified":"2023-04-25","author":{"@type":"Person","@id":"https:\/\/www.zh4a.sk\/author\/#Person","name":"","url":"https:\/\/www.zh4a.sk\/author\/","identifier":1,"image":{"@type":"ImageObject","@id":"https:\/\/secure.gravatar.com\/avatar\/0004469d2196026c4aaacbb56e80b8fe204b91e98e8d884732a12310e081011a?s=96&d=mm&r=g","url":"https:\/\/secure.gravatar.com\/avatar\/0004469d2196026c4aaacbb56e80b8fe204b91e98e8d884732a12310e081011a?s=96&d=mm&r=g","height":96,"width":96}},"publisher":{"@type":"Organization","name":"zh4a.sk","logo":{"@type":"ImageObject","@id":"\/logo.png","url":"\/logo.png","width":600,"height":60}},"image":{"@type":"ImageObject","@id":"https:\/\/www.zh4a.sk\/wp-content\/uploads\/img_a293834_w16686_t1543163730.png","url":"https:\/\/www.zh4a.sk\/wp-content\/uploads\/img_a293834_w16686_t1543163730.png","height":0,"width":0},"url":"https:\/\/www.zh4a.sk\/den-bez-elektroniky\/","wordCount":392,"articleBody":"Pou\u017e\u00edvame ju ka\u017ed\u00fd de\u0148 a mo\u017eno si ani len neuvedomujeme ako ve\u013emi sme na nej z\u00e1visl\u00ed. Doba elektronick\u00fdch v\u00fdrobkov n\u00e1s \u00faplne pohltila. Pravidelne pou\u017e\u00edvame telev\u00edziu, po\u010d\u00edta\u010de, elektrick\u00e9 spotrebi\u010de v kuchyni, k\u00fape\u013eni a mohla by som pokra\u010dova\u0165 \u010falej. Jednoducho je toho ve\u013emi ve\u013ea. Dok\u00e1zali by ste bez tohto v\u0161etk\u00e9ho vydr\u017ea\u0165 aspo\u0148 jeden de\u0148?  Mnoh\u00fd by bez rozm\u00fd\u0161\u013eania odpovedali \u00e1no samozrejme, \u017ee to dok\u00e1\u017eem! No pri realiz\u00e1cii by sme zistili, \u017ee to zase a\u017e tak\u00e1 \u201ehra\u010dka\u201c nebude. Ve\u010f si len zoberme, \u017ee hne\u010f ako r\u00e1no vstaneme \u010do urob\u00edme prv\u00e9? Ja osobne sa pozriem na svoj telef\u00f3n, ko\u013eko je hod\u00edn a skontrolujem spr\u00e1vy a hovory. Nehovoriac o tom, \u017ee ma prebud\u00ed zvonenie bud\u00edka na mojom telef\u00f3ne. Pokra\u010dujem smerom do kuchyne a zapnem kanvicu aby som si uvarila \u010daj alebo k\u00e1vu. Ra\u0148ajkujem pri zapnutej telev\u00edzii. Po ra\u0148ajk\u00e1ch si umyjem vlasy, no a s \u010d\u00edm si ich vysu\u0161\u00edm? Samozrejme potrebujem f\u00e9n! E\u0161te ich trochu doupravujem \u017eehli\u010dkou aby toho nebolo n\u00e1hodou m\u00e1lo. Sk\u00faste si aj vy tak\u00fdmto sp\u00f4sobom prejs\u0165 cel\u00fd svoj de\u0148 a uvid\u00edte, \u017ee budete ve\u013emi prekvapen\u00fd ko\u013eko elektroniky po\u010das d\u0148a vyu\u017e\u00edvate. Ak by sme teda chcela vydr\u017ea\u0165 de\u0148 bez v\u0161etk\u00e9ho bolo by to teda poriadne n\u00e1ro\u010dn\u00e9. Ve\u010f len ak n\u00e1m na de\u0148 odstavia pr\u00edsun elektroniky \u00faplne panik\u00e1rime a nevieme \u010do robi\u0165. Pr\u00e1ve pre to si to sk\u00faste vysk\u00fa\u0161a\u0165. Jeden cel\u00fd de\u0148 bez elektroniky. Od prebudenia a\u017e k\u00fdm nep\u00f4jdeme do postele. Mysl\u00edm si, \u017ee aj to je d\u00f4vod pre\u010do dok\u00e1\u017eeme by\u0165 tak ve\u013ea v na\u0161ich dom\u00e1cnostiach. Ak by sme elektroniku nemali, nevedeli by sme \u010do doma robi\u0165. Takto v\u0161ak prostredn\u00edctvom elektronick\u00fdch zariaden\u00ed vieme udr\u017eiava\u0165 kontakt s bl\u00edzkymi. Prakticky sme si zvykli by\u0165 doma a nepotrebujeme osobn\u00fd rozhovor.  Z tohto d\u00f4vodu by sme sa mali zamyslie\u0165 a aspo\u0148 \u010diasto\u010dne obmedzi\u0165 na\u0161u \u201ez\u00e1vislos\u0165\u201c na elektronike. Bude to ma\u0165 ve\u013emi dobr\u00fd vplyv na v\u00e1\u0161 \u017eivot ako aj na \u017eivot va\u0161ich bl\u00edzkych.                                                                                                                                                                                                                                                                                                                                                                                         4\/5 - (12 votes)        "},{"@context":"https:\/\/schema.org\/","@type":"BreadcrumbList","itemListElement":[{"@type":"ListItem","position":1,"name":"De\u0148 bez elektroniky","item":"https:\/\/www.zh4a.sk\/den-bez-elektroniky\/#breadcrumbitem"}]}]