[{"@context":"https:\/\/schema.org\/","@type":"Article","@id":"https:\/\/www.zh4a.sk\/kadernicke-sluzby\/#Article","mainEntityOfPage":"https:\/\/www.zh4a.sk\/kadernicke-sluzby\/","headline":"Kadern\u00edcke slu\u017eby","name":"Kadern\u00edcke slu\u017eby","description":"Kadern\u00edcke slu\u017eby s\u00fa ve\u013emi roz\u0161\u00edren\u00e9 a\u00a0niektor\u00e9 z\u00a0n\u00e1s si nevedia bez svojej kadern\u00ed\u010dky predstavi\u0165 \u017eivot. M\u00e1me r\u00f4zne farby vlasov alebo r\u00f4zne typy \u00fa\u010desov. Taktie\u017e s\u00fa&#46;&#46;&#46;","datePublished":"2018-07-28","dateModified":"2023-04-25","author":{"@type":"Person","@id":"https:\/\/www.zh4a.sk\/author\/#Person","name":"","url":"https:\/\/www.zh4a.sk\/author\/","identifier":1,"image":{"@type":"ImageObject","@id":"https:\/\/secure.gravatar.com\/avatar\/0004469d2196026c4aaacbb56e80b8fe204b91e98e8d884732a12310e081011a?s=96&d=mm&r=g","url":"https:\/\/secure.gravatar.com\/avatar\/0004469d2196026c4aaacbb56e80b8fe204b91e98e8d884732a12310e081011a?s=96&d=mm&r=g","height":96,"width":96}},"publisher":{"@type":"Organization","name":"zh4a.sk","logo":{"@type":"ImageObject","@id":"\/logo.png","url":"\/logo.png","width":600,"height":60}},"image":{"@type":"ImageObject","@id":"https:\/\/www.zh4a.sk\/wp-content\/uploads\/img_a291627_w16637_t1538155115.jpg","url":"https:\/\/www.zh4a.sk\/wp-content\/uploads\/img_a291627_w16637_t1538155115.jpg","height":0,"width":0},"url":"https:\/\/www.zh4a.sk\/kadernicke-sluzby\/","wordCount":407,"articleBody":"Kadern\u00edcke slu\u017eby s\u00fa ve\u013emi roz\u0161\u00edren\u00e9 a\u00a0niektor\u00e9 z\u00a0n\u00e1s si nevedia bez svojej kadern\u00ed\u010dky predstavi\u0165 \u017eivot. M\u00e1me r\u00f4zne farby vlasov alebo r\u00f4zne typy \u00fa\u010desov. Taktie\u017e s\u00fa tu tak\u00e9 z\u00a0n\u00e1s, ktor\u00e9 si vlasy nech\u00e1vaj\u00fa predl\u017eova\u0165. \u010ci u\u017e je to tak alebo onak u\u017e len m\u00e1loktor\u00e1 \u017eena kadern\u00edka nenav\u0161tevuje.Dovol\u00edm si poveda\u0165 \u017ee kadern\u00ed\u010dky alebo kadern\u00edci to nemaj\u00fa ve\u013emi jednoduch\u00e9. Musia nie len vyhovie\u0165 na\u0161im po\u017eiadavk\u00e1m ale \u010dasto kr\u00e1t stoja dlh\u00e9 hodiny na noh\u00e1ch.\u00a0 Taktie\u017e sa musia neust\u00e1le vzdel\u00e1va\u0165. Chodia na r\u00f4zne \u0161kolenia kde ich u\u010dia nov\u00e9 strihy a\u00a0r\u00f4zne kombin\u00e1cie farieb.M\u00f3da sa men\u00ed ka\u017ed\u00fdm d\u0148om a\u00a0tak to je aj pri vlasoch. Vid\u00edme na obr\u00e1zku kr\u00e1sne vlasy a\u00a0presne rovnak\u00e9 chceme ma\u0165 my. M\u00e1lokto si ale uvedomuje, \u017ee vytvori\u0165 rovnak\u00fd vzh\u013ead nie je v\u00f4bec jednoduch\u00e9. Nejde len o\u00a0techniku tvorby ale taktie\u017e aj o\u00a0\u0161trukt\u00faru na\u0161ich vlasov. Mali by sme si uvedomi\u0165 \u010do v\u0161etko od svojej kadern\u00ed\u010dky po\u017eadujeme.\tFarbyNaj\u010dastej\u0161\u00edm \u00fakonom je samozrejme ako inak farbenie vlasov. Blond\u00edny chc\u00fa by\u0165 brunetkami a\u00a0brunetky zase blond\u00ednkami. Je to prirodzen\u00e9, \u017ee sa vyv\u00edjame a\u00a0chceme si prinies\u0165 do \u017eivota ur\u010dit\u00fa zmenu n\u00e1\u0161ho vzh\u013eadu. Jednotliv\u00e9 farby, ktor\u00e9 nan\u00e1\u0161aj\u00fa kadern\u00edci na vlasy sa v\u00fdrazne l\u00ed\u0161ia.Rozdiel je hlavne v\u00a0kvalite a\u00a0taktie\u017e v\u00a0tom ako ve\u013emi \u0161kodia na\u0161im vlasom. V\u00a0tomto pr\u00edpade je dobr\u00e9 zainvestova\u0165, preto\u017ee vlasy m\u00e1me len jedin\u00e9 a\u00a0ako n\u00e1hle po\u0161kod\u00edme \u0161trukt\u00faru n\u00e1\u0161ho vlasu tak u\u017e len ve\u013emi \u0165a\u017eko to naprav\u00edme. Pred t\u00fdm ako si vyberieme kadern\u00edka by sme si teda mali overi\u0165 ak\u00e9 farby pou\u017e\u00edva.Na z\u00e1ver by som u\u017e len rada podotkla aby sme si na\u0161e vlasy chr\u00e1nili. V\u017edy ak v\u00e1s napadne nejak\u00e1 zmena d\u00f4kladne si ju premyslite a\u00a0zv\u00e1\u017ete \u010di to va\u0161\u00edm vlasom ve\u013emi neubl\u00ed\u017ei. Taktie\u017e je mo\u017en\u00e9, \u017ee o\u00a0p\u00e1r t\u00fd\u017ed\u0148ov sa v\u00e1m to u\u017e p\u00e1\u010di\u0165 nebude. Preto prem\u00fd\u0161\u013eajte predt\u00fdm ako nav\u0161t\u00edvite kadern\u00edcky sal\u00f3n. Po\u0161koden\u00fdm vlasom sa d\u00e1 u\u017e len \u0165a\u017eko pom\u00f4c\u0165.\u00a0                                                                                                                                                                                                                                                                                                                                                                                        4\/5 - (13 votes)        "},{"@context":"https:\/\/schema.org\/","@type":"BreadcrumbList","itemListElement":[{"@type":"ListItem","position":1,"name":"Kadern\u00edcke slu\u017eby","item":"https:\/\/www.zh4a.sk\/kadernicke-sluzby\/#breadcrumbitem"}]}]