[{"@context":"https:\/\/schema.org\/","@type":"Article","@id":"https:\/\/www.zh4a.sk\/zoznamenie-v-tatrach\/#Article","mainEntityOfPage":"https:\/\/www.zh4a.sk\/zoznamenie-v-tatrach\/","headline":"Zoznamenie v Tatrach","name":"Zoznamenie v Tatrach","description":"S priate\u013eom sme sa zozn\u00e1mili na jednom v\u00fdlete s kamar\u00e1tmi v Tatr\u00e1ch (ja m\u00e1m 35 rokov a on 40), sme spolu cca 4 mesiace.&#46;&#46;&#46;","datePublished":"2023-10-28","dateModified":"2023-10-28","author":{"@type":"Person","@id":"https:\/\/www.zh4a.sk\/author\/#Person","name":"","url":"https:\/\/www.zh4a.sk\/author\/","identifier":1,"image":{"@type":"ImageObject","@id":"https:\/\/secure.gravatar.com\/avatar\/0004469d2196026c4aaacbb56e80b8fe204b91e98e8d884732a12310e081011a?s=96&d=mm&r=g","url":"https:\/\/secure.gravatar.com\/avatar\/0004469d2196026c4aaacbb56e80b8fe204b91e98e8d884732a12310e081011a?s=96&d=mm&r=g","height":96,"width":96}},"publisher":{"@type":"Organization","name":"zh4a.sk","logo":{"@type":"ImageObject","@id":"\/logo.png","url":"\/logo.png","width":600,"height":60}},"image":{"@type":"ImageObject","@id":"https:\/\/www.zh4a.sk\/wp-content\/uploads\/pexels-kpaukshtite-704748%20(1).jpg","url":"https:\/\/www.zh4a.sk\/wp-content\/uploads\/pexels-kpaukshtite-704748%20(1).jpg","height":0,"width":0},"url":"https:\/\/www.zh4a.sk\/zoznamenie-v-tatrach\/","about":["Lifestyle"],"wordCount":435,"articleBody":"S priate\u013eom sme sa zozn\u00e1mili na jednom v\u00fdlete s kamar\u00e1tmi v Tatr\u00e1ch (ja m\u00e1m 35 rokov a on 40), sme spolu cca 4 mesiace. V\u0161etko bolo kr\u00e1sne, ale v poslednom \u010dase sa to za\u010dalo kazi\u0165. Postupne sa st\u00e1vali situ\u00e1cie, ktor\u00e9 vo mne zanechali ot\u00e1zniky. Napr\u00edklad pridal si na FB moju ve\u013emi dobr\u00fa kamar\u00e1tku bez toho, aby ju poznal, ke\u010f som sa ho na to sp\u00fdtala, tak vraj bol unaven\u00fd a asi na \u201epridanie\u201c klikol omylom. Klamal mi, o jeho veku &#8211; \u00e1no je to prkotina, ale jeho prav\u00fd vek mi povedal a\u017e asi po 3 mesiacoch vz\u0165ahu (kedy som potrebovala zada\u0165 do formul\u00e1ra jeho d\u00e1tum narodenia a to sme medzit\u00fdm e\u0161te sl\u00e1vili jeho narodeniny), vraj sa b\u00e1l a nevedel ako mi to m\u00e1 poveda\u0165, ale vo mne nabehla okam\u017eite \u010derven\u00e1 kontrolka \u2013 ke\u010f mi klame v tejto mali\u010dkosti, tak ako mu m\u00f4\u017eem veri\u0165 v in\u00fdch veciach.Pri\u0161iel aj s my\u0161lienkou, \u017ee by sme spolo\u010dne mali die\u0165a (nie raz na t\u00fato t\u00e9mu narazil s\u00e1m od seba). \u010co mi pri\u0161lo pekn\u00e9, kord ke\u010f sme obaja bezdetn\u00ed. Po nejakej dobe, ke\u010f toto opakoval, ako by to bolo pekn\u00e9, som sa ho sp\u00fdtala z praktick\u00e9ho h\u013eadiska, ako to chce urobi\u0165 a on odvetil, \u017ee tak\u00e9to veci sa rie\u0161ia &#8222;a\u017e ke\u010f vznikn\u00fa.&#8220; Ja nie som typ, ktor\u00fd by toto rie\u0161il za pochodu, a tak som sa ho p\u00fdtala, ako by sme to urobili v praxi (on m\u00e1 dom\u010dek a ja byt na hypot\u00e9ku). Chcela som po\u010du\u0165 jeho n\u00e1zor na vec. Pri\u0161la som aj s t\u00fdm, \u017ee by sa m\u00f4j byt mohol prenaj\u00edma\u0165 a mohli by sme by\u0165 pri \u0148om. Av\u0161ak, \u017ee ten n\u00e1jom asi nepokryje cel\u00fa \u010diastku hypo a na po mi povedal, \u017ee mi rozhodne hypot\u00e9ku plati\u0165 nebude. \u010co ma zarazilo druh\u00fdkr\u00e1t, ke\u010f s niek\u00fdm nie\u010do tak\u00e9to pl\u00e1nujete, tak by som \u010dakala in\u00fa odpove\u010f. Respekt\u00edve to vid\u00edm tak, \u017ee ke\u010f je \u017eena na materskej, tak je to preva\u017ene na chlapovi na nejak\u00e9 obdobie, aby \u0165ahal dom\u00e1cnos\u0165 a v\u00fddavky. \u00c1no, \u017eena sa m\u00f4\u017ee po ur\u010ditej dobe vr\u00e1ti\u0165 do pr\u00e1ce \u2013 ale na toto m\u00e1 n\u00e1zor, \u017ee predsa by mala by\u0165 s die\u0165a\u0165om, \u010do najdlh\u0161ie doma, \u010domu som otvoren\u00e1 (on m\u00e1 pomerne dobr\u00fa pr\u00e1cu), ale po jeho koment\u00e1re som mu zase oponovala.                                                                                                                                                                                                                                                                                                                                                                                        4.9\/5 - (9 votes)        "},{"@context":"https:\/\/schema.org\/","@type":"BreadcrumbList","itemListElement":[{"@type":"ListItem","position":1,"name":"Zoznamenie v Tatrach","item":"https:\/\/www.zh4a.sk\/zoznamenie-v-tatrach\/#breadcrumbitem"}]}]